{"id":1735,"date":"2023-07-24T09:45:59","date_gmt":"2023-07-24T12:45:59","guid":{"rendered":"https:\/\/www.sincovarsj.org.br\/?p=1735"},"modified":"2023-07-24T09:45:59","modified_gmt":"2023-07-24T12:45:59","slug":"assembleia-geral-extraordinaria-dia-08-de-agosto-de-2023","status":"publish","type":"post","link":"https:\/\/www.sincovarsj.org.br\/?p=1735","title":{"rendered":"ASSEMBLEIA GERAL EXTRAORDIN\u00c1RIA DIA 08 DE AGOSTO DE 2023"},"content":{"rendered":"\n<p class=\"texto-justificado\" id=\"texto-justificado\">O SINCOVAR-SJ \u2013 Sindicato do Com\u00e9rcio Varejista de S\u00e3o Jos\u00e9, <strong><u>CONVOCA<\/u><\/strong> todas as empresas da categoria econ\u00f4mica do Com\u00e9rcio Varejistas, exceto Com\u00e9rcio Varejista de Combust\u00edveis Minerais e do Comercio Varejista de Supermercados e de G\u00eaneros Aliment\u00edcios,\u00a0 associadas ou n\u00e3o, com Sede, Filial, Sucursal, Ag\u00eancia ou Estabelecimento no Munic\u00edpio de S\u00e3o Jose\/SC, para participarem da <strong>ASSEMBLEIA GERAL EXTRAORDIN\u00c1RIA<\/strong> a ser realizada em, formato audiovisual, no dia: <strong>08\/08\/2023, In\u00edcio: 09:30h., em primeira convoca\u00e7\u00e3o, caso tenha atingido o qu\u00f3rum legal, ou, em segunda chamada \u00e0s 10:00h., com qualquer dos presentes. T\u00e9rmino: 11:00h. com toler\u00e2ncia de 30 min. Transmiss\u00e3o: Plataforma Google Meet.<\/strong><\/p>\n\n\n\n<p><strong>Ordem do dia:<\/strong><\/p>\n\n\n\n<ol type=\"I\" start=\"1\">\n<li class=\"texto-justificado\">Discutir e deliberar sobre as Negocia\u00e7\u00f5es Coletivas que abranger\u00e3o os empregados do Com\u00e9rcio Varejista, inclusive de Material \u00d3tico, fotogr\u00e1fico e Cinematogr\u00e1fico; Com\u00e9rcio Varejista de Pe\u00e7as, Acess\u00f3rios e Revenda de Ve\u00edculos e Com\u00e9rcio Varejista de Produtos Farmac\u00eauticos, exerc\u00edcio 2023\/2024, a ser firmada com o Sindicato dos Empregados no Com\u00e9rcio de S\u00e3o Jos\u00e9 e Regi\u00e3o \u2013 SECSJ, dando subs\u00eddios e autorizando o SINCOVAR-SJ a celebrar as respectivas Conven\u00e7\u00f5es Coletivas de Trabalho;<\/li>\n<\/ol>\n\n\n\n<ol type=\"I\" start=\"2\">\n<li class=\"texto-justificado\">Constituir a comiss\u00e3o de negocia\u00e7\u00e3o com o SECSJ, outorgando-lhe poderes para representar e deliberar nas negocia\u00e7\u00f5es das Conven\u00e7\u00f5es Coletivas de Trabalho;<\/li>\n<\/ol>\n\n\n\n<ol type=\"I\" start=\"3\">\n<li class=\"texto-justificado\">Estabelecer o valor da contribui\u00e7\u00e3o negocial\/patronal e valores a t\u00edtulo de representatividade;<\/li>\n<\/ol>\n\n\n\n<ol type=\"I\" start=\"4\">\n<li class=\"texto-justificado\">Deliberar sobre o car\u00e1ter permanente a Assembleia Geral, enquanto perdurar a negocia\u00e7\u00e3o coletiva, autorizando as futuras convoca\u00e7\u00f5es atrav\u00e9s de comunicados por informativo da entidade nos locais de trabalho, e demais meios de comunica\u00e7\u00e3o eletr\u00f4nicos;<\/li>\n<\/ol>\n\n\n\n<ol type=\"I\" start=\"5\">\n<li>Assuntos Gerais de interesse da categoria.<\/li>\n<\/ol>\n\n\n\n<p>Observa\u00e7\u00e3o:<\/p>\n\n\n\n<p class=\"texto-justificado\" id=\"texto-justificado\">1-&nbsp; Nas vota\u00e7\u00f5es das mat\u00e9rias constantes nos itens III ao VI, dever\u00e3o ser observadas as regras dos artigos 7 e 21 do Estatuto do SINCOVAR. Observa-se que em raz\u00e3o dos efeitos que tais negocia\u00e7\u00f5es possam causar \u00e0s empresas do com\u00e9rcio sugere-se a participa\u00e7\u00e3o dos diversos segmentos visando amparar as decis\u00f5es do Sindicato Patronal.<\/p>\n\n\n\n<p class=\"texto-justificado\" id=\"texto-justificado\">2 &#8211; Os interessados em participar da assembleia dever\u00e3o encaminhar e-mail para <a href=\"mailto:sincovarsj@gmail.com\">sincovarsj@gmail.com<\/a> &nbsp;at\u00e9 o <strong>dia 07 de agosto de 2023<\/strong>, indicando quem ser\u00e1 o seu representante e apresentando seu contrato social ou \u00faltima altera\u00e7\u00e3o consolidada. Dever\u00e1 ainda, indicar o n\u00famero de telefone com WhatsApp do representante que participar\u00e1 da assembleia para que seja lhe enviado o link<\/p>\n\n\n\n<p>S\u00e3o Jos\u00e9 (SC), 21 de julho de 2023.<\/p>\n\n\n\n<p>Atenciosamente.<\/p>\n\n\n\n<p><strong>Roberto Alexandre Carmes<\/strong><\/p>\n\n\n\n<p><em>Presidente<\/em><\/p>\n","protected":false},"excerpt":{"rendered":"<p>O SINCOVAR-SJ \u2013 Sindicato do Com\u00e9rcio Varejista de S\u00e3o Jos\u00e9, CONVOCA todas as empresas da categoria econ\u00f4mica do Com\u00e9rcio Varejistas, exceto Com\u00e9rcio Varejista de Combust\u00edveis Minerais e do Comercio Varejista de Supermercados e de G\u00eaneros Aliment\u00edcios,\u00a0 associadas ou n\u00e3o, com Sede, Filial, Sucursal, Ag\u00eancia ou Estabelecimento no Munic\u00edpio de S\u00e3o Jose\/SC, para participarem da ASSEMBLEIA &#8230;<\/p>\n","protected":false},"author":2,"featured_media":0,"comment_status":"open","ping_status":"open","sticky":false,"template":"","format":"standard","meta":[],"categories":[5],"tags":[],"_links":{"self":[{"href":"https:\/\/www.sincovarsj.org.br\/index.php?rest_route=\/wp\/v2\/posts\/1735"}],"collection":[{"href":"https:\/\/www.sincovarsj.org.br\/index.php?rest_route=\/wp\/v2\/posts"}],"about":[{"href":"https:\/\/www.sincovarsj.org.br\/index.php?rest_route=\/wp\/v2\/types\/post"}],"author":[{"embeddable":true,"href":"https:\/\/www.sincovarsj.org.br\/index.php?rest_route=\/wp\/v2\/users\/2"}],"replies":[{"embeddable":true,"href":"https:\/\/www.sincovarsj.org.br\/index.php?rest_route=%2Fwp%2Fv2%2Fcomments&post=1735"}],"version-history":[{"count":3,"href":"https:\/\/www.sincovarsj.org.br\/index.php?rest_route=\/wp\/v2\/posts\/1735\/revisions"}],"predecessor-version":[{"id":1740,"href":"https:\/\/www.sincovarsj.org.br\/index.php?rest_route=\/wp\/v2\/posts\/1735\/revisions\/1740"}],"wp:attachment":[{"href":"https:\/\/www.sincovarsj.org.br\/index.php?rest_route=%2Fwp%2Fv2%2Fmedia&parent=1735"}],"wp:term":[{"taxonomy":"category","embeddable":true,"href":"https:\/\/www.sincovarsj.org.br\/index.php?rest_route=%2Fwp%2Fv2%2Fcategories&post=1735"},{"taxonomy":"post_tag","embeddable":true,"href":"https:\/\/www.sincovarsj.org.br\/index.php?rest_route=%2Fwp%2Fv2%2Ftags&post=1735"}],"curies":[{"name":"wp","href":"https:\/\/api.w.org\/{rel}","templated":true}]}}