{"id":1745,"date":"2023-09-27T16:29:08","date_gmt":"2023-09-27T19:29:08","guid":{"rendered":"https:\/\/www.sincovarsj.org.br\/?p=1745"},"modified":"2023-09-27T16:29:08","modified_gmt":"2023-09-27T19:29:08","slug":"realizado-acordo-para-assinar-a-convencao-coletiva-de-trabalho-do-comercio-varejista-em-sao-jose-periodo-2023-2024","status":"publish","type":"post","link":"https:\/\/www.sincovarsj.org.br\/?p=1745","title":{"rendered":"Realizado acordo para assinar a Conven\u00e7\u00e3o Coletiva de trabalho do Com\u00e9rcio Varejista em S\u00e3o Jos\u00e9 \u2013 per\u00edodo 2023\/2024.<br><br>"},"content":{"rendered":"\n<p class=\"texto-justificado\" id=\"texto-justificado\">O Sindicato do Com\u00e9rcio Varejista de S\u00e3o Jos\u00e9, representante da categoria Patronal do Com\u00e9rcio Varejista, com exce\u00e7\u00e3o de alimentos e combust\u00edveis e o Sindicato dos Empregados do Com\u00e9rcio de S\u00e3o Jos\u00e9 chegaram a um acordo para a Conven\u00e7\u00e3o Coletiva de trabalho para o per\u00edodo 01\/09\/2023 at\u00e9 31\/08\/2024.<br><br>Ap\u00f3s algumas reuni\u00f5es de negocia\u00e7\u00f5es foi acertado&nbsp; novos pisos de sal\u00e1rio para os trabalhadores, 5 % de reajuste para sal\u00e1rios acima do piso&nbsp; e demais cl\u00e1usulas sociais e econ\u00f4micas.<br><br>Observa-se que foi estabelecido a liberdade de funcionamento no per\u00edodo Natalino, por\u00e9m com algumas regras de remunera\u00e7\u00e3o e benef\u00edcios aos trabalhadores, conforme a CCT.<br><br>O Sincovar-SJ juntamente com a CDL-SJ realizar\u00e3o estudos para sugerir um hor\u00e1rio especial no m\u00eas de Dezembro visando ampliar as atividades, permitindo que os clientes possam fazer suas compras de Natal com maiores facilidades de atendimento.<br><br>Assim, os referidos sindicatos est\u00e3o elaborando os textos finais para assinatura e protocolo da CCT.<br><br>Informa ainda que a conven\u00e7\u00e3o negociada permite o funcionamento do Com\u00e9rcio em diversos feriados, mediante as regras estabelecidas no documento.<\/p>\n","protected":false},"excerpt":{"rendered":"<p>O Sindicato do Com\u00e9rcio Varejista de S\u00e3o Jos\u00e9, representante da categoria Patronal do Com\u00e9rcio Varejista, com exce\u00e7\u00e3o de alimentos e combust\u00edveis e o Sindicato dos Empregados do Com\u00e9rcio de S\u00e3o Jos\u00e9 chegaram a um acordo para a Conven\u00e7\u00e3o Coletiva de trabalho para o per\u00edodo 01\/09\/2023 at\u00e9 31\/08\/2024. Ap\u00f3s algumas reuni\u00f5es de negocia\u00e7\u00f5es foi acertado&nbsp; novos &#8230;<\/p>\n","protected":false},"author":2,"featured_media":0,"comment_status":"open","ping_status":"open","sticky":false,"template":"","format":"standard","meta":[],"categories":[5],"tags":[],"_links":{"self":[{"href":"https:\/\/www.sincovarsj.org.br\/index.php?rest_route=\/wp\/v2\/posts\/1745"}],"collection":[{"href":"https:\/\/www.sincovarsj.org.br\/index.php?rest_route=\/wp\/v2\/posts"}],"about":[{"href":"https:\/\/www.sincovarsj.org.br\/index.php?rest_route=\/wp\/v2\/types\/post"}],"author":[{"embeddable":true,"href":"https:\/\/www.sincovarsj.org.br\/index.php?rest_route=\/wp\/v2\/users\/2"}],"replies":[{"embeddable":true,"href":"https:\/\/www.sincovarsj.org.br\/index.php?rest_route=%2Fwp%2Fv2%2Fcomments&post=1745"}],"version-history":[{"count":1,"href":"https:\/\/www.sincovarsj.org.br\/index.php?rest_route=\/wp\/v2\/posts\/1745\/revisions"}],"predecessor-version":[{"id":1746,"href":"https:\/\/www.sincovarsj.org.br\/index.php?rest_route=\/wp\/v2\/posts\/1745\/revisions\/1746"}],"wp:attachment":[{"href":"https:\/\/www.sincovarsj.org.br\/index.php?rest_route=%2Fwp%2Fv2%2Fmedia&parent=1745"}],"wp:term":[{"taxonomy":"category","embeddable":true,"href":"https:\/\/www.sincovarsj.org.br\/index.php?rest_route=%2Fwp%2Fv2%2Fcategories&post=1745"},{"taxonomy":"post_tag","embeddable":true,"href":"https:\/\/www.sincovarsj.org.br\/index.php?rest_route=%2Fwp%2Fv2%2Ftags&post=1745"}],"curies":[{"name":"wp","href":"https:\/\/api.w.org\/{rel}","templated":true}]}}